{"id":81096,"date":"2020-01-07T13:30:52","date_gmt":"2020-01-07T12:30:52","guid":{"rendered":"https:\/\/www.ait-themes.club\/?p=81096"},"modified":"2023-10-20T11:30:11","modified_gmt":"2023-10-20T11:30:11","slug":"create-wordpress-gallery-in-block-editor-blog","status":"publish","type":"post","link":"https:\/\/www.ait-themes.club\/es\/crear-wordpress-gallery-in-block-editor-blog\/","title":{"rendered":"\u00bfC\u00f3mo crear una galer\u00eda de fotos en WordPress?"},"content":{"rendered":"<p>Seguro que has notado que el editor de WordPress se ve completamente diferente. La construcci\u00f3n de un sitio web ha cambiado dr\u00e1sticamente desde WordPress 5. La construcci\u00f3n de la galer\u00eda de im\u00e1genes en WordPress tambi\u00e9n cambi\u00f3. Ahora hay otras buenas noticias: se agregaron nuevas funciones al editor despu\u00e9s de actualizar el sistema a WP 5.3. Por ejemplo, puede notar cambios significativos relacionados con la galer\u00eda de im\u00e1genes de WordPress.<\/p>\n\n\n\n<p>Hoy hablaremos de estos nuevos cambios. Le mostraremos c\u00f3mo trabajar con nuevas funciones para lograr los mejores objetivos. Trabajando con la galer\u00eda de WordPress en nuestro <a href=\"https:\/\/www.ait-themes.club\/es\/wordpress-fotografia-temas\/\">Temas de fotograf\u00eda de WordPress<\/a> ahora es m\u00e1s conveniente que nunca.<\/p>\n\n\n\n<p>En esta publicaci\u00f3n de blog tambi\u00e9n cubriremos:<\/p>\n\n\n\n<ul class=\"wp-block-list\"><li><a href=\"#addwordpresgalleryquickly\">C\u00f3mo agregar la galer\u00eda de im\u00e1genes de WordPress<\/a><\/li><li><a href=\"#howtoaddimagesgallery\">C\u00f3mo agregar im\u00e1genes al texto o crear una galer\u00eda de im\u00e1genes<\/a><\/li><li><a href=\"#howtoedityourgallery\">C\u00f3mo editar y dar formato a la galer\u00eda de fotos<\/a><\/li><li><a href=\"#positionandalignmentofgallery\">C\u00f3mo cambiar la posici\u00f3n de la galer\u00eda en su sitio web<\/a><\/li><li><a href=\"#extratipaddgallery\">Consejos adicionales al final<\/a><\/li><\/ul>\n\n\n\n<p>Si a\u00fan usa una versi\u00f3n anterior de WordPress o un tema obsoleto, le recomendamos que instale las versiones m\u00e1s recientes para poder trabajar con el nuevo editor de bloques.<\/p>\n\n\n\n<h3 class=\"wp-block-heading\"><span class=\"ez-toc-section\" id=\"Add_WordPress_image_gallery_via_Gallery_block\"><\/span>Agregue la galer\u00eda de im\u00e1genes de WordPress a trav\u00e9s del bloque Galer\u00eda<span class=\"ez-toc-section-end\"><\/span><\/h3>\n\n\n\n<p>Agregar una galer\u00eda en el nuevo editor de WordPress es mucho m\u00e1s simple de lo que sol\u00eda ser. Puede crear una galer\u00eda f\u00e1cilmente usando el bloque Galer\u00eda. Es un bloque implementado directamente en el n\u00facleo de WordPress y lo obtienes autom\u00e1ticamente en la versi\u00f3n 5.0 o posterior de WordPress.<\/p>\n\n\n\n<p>1. La galer\u00eda se puede agregar a publicaciones y p\u00e1ginas. Como primera cosa, usted decide d\u00f3nde desea agregar el bloque de la Galer\u00eda de WordPress.<\/p>\n\n\n\n<p>2. Haz clic en \u201c+\u201d en la barra superior o a la derecha en el contenido. Luego seleccione &quot;Bloque de galer\u00eda&quot;<\/p>\n\n\n<div class=\"wp-block-image\">\n<figure class=\"aligncenter\"><a href=\"https:\/\/www.ait-themes.club\/wp-content\/uploads\/2019\/07\/gutenberg-gallery-add.png\"><img loading=\"lazy\" decoding=\"async\" width=\"1280\" height=\"800\" src=\"https:\/\/www.ait-themes.club\/wp-content\/uploads\/2019\/07\/gutenberg-gallery-add.png\" alt=\"A\u00f1adir galer\u00eda haciendo clic en &quot;+&quot;\" class=\"wp-image-81111\" srcset=\"https:\/\/www.ait-themes.club\/wp-content\/uploads\/2019\/07\/gutenberg-gallery-add.png 1280w, https:\/\/www.ait-themes.club\/wp-content\/uploads\/2019\/07\/gutenberg-gallery-add-300x188.png 300w, https:\/\/www.ait-themes.club\/wp-content\/uploads\/2019\/07\/gutenberg-gallery-add-1024x640.png 1024w, https:\/\/www.ait-themes.club\/wp-content\/uploads\/2019\/07\/gutenberg-gallery-add-768x480.png 768w\" sizes=\"auto, (max-width: 1280px) 100vw, 1280px\" \/><\/a><figcaption>Agregar bloque de galer\u00eda de WordPress haciendo clic en &quot;+&quot;<\/figcaption><\/figure>\n<\/div>\n\n\n<p>Tambi\u00e9n puede encontrar cualquier bloque usando la barra de b\u00fasqueda. Solo escribe &quot;galer\u00eda&quot;.<\/p>\n\n\n<div class=\"wp-block-image\">\n<figure class=\"aligncenter\"><a href=\"https:\/\/www.ait-themes.club\/wp-content\/uploads\/2019\/07\/gutenberg-gallery-search.gif\"><img loading=\"lazy\" decoding=\"async\" width=\"720\" height=\"520\" src=\"https:\/\/www.ait-themes.club\/wp-content\/uploads\/2019\/07\/gutenberg-gallery-search.gif\" alt=\"Agregar galer\u00eda a trav\u00e9s de la barra de b\u00fasqueda\" class=\"wp-image-81108\"\/><\/a><figcaption>Agregar bloque de galer\u00eda de WordPress a trav\u00e9s de la barra de b\u00fasqueda<\/figcaption><\/figure>\n<\/div>\n\n\n<p>Los bloques tambi\u00e9n se pueden encontrar usando la barra inclinada &quot;\/&quot;. Obtendr\u00e1 una lista de bloques disponibles, simplemente comience a escribir &quot;galer\u00eda&quot;.<\/p>\n\n\n<div class=\"wp-block-image\">\n<figure class=\"aligncenter\"><a href=\"https:\/\/www.ait-themes.club\/wp-content\/uploads\/2019\/07\/gutenberg-gallery-shortcut.gif\"><img loading=\"lazy\" decoding=\"async\" width=\"720\" height=\"520\" src=\"https:\/\/www.ait-themes.club\/wp-content\/uploads\/2019\/07\/gutenberg-gallery-shortcut.gif\" alt=\"Agregar galer\u00eda usando barra\" class=\"wp-image-81109\"\/><\/a><figcaption>Agregando el bloque de la galer\u00eda de WordPress usando la barra inclinada \u201c\/\u201d<\/figcaption><\/figure>\n<\/div>\n\n\n<h3 class=\"wp-block-heading\"><span class=\"ez-toc-section\" id=\"How_to_add_images\"><\/span><a id=\"howtoaddimagesgallery\"><\/a>C\u00f3mo agregar im\u00e1genes<span class=\"ez-toc-section-end\"><\/span><\/h3>\n\n\n\n<p>Insertar im\u00e1genes: despu\u00e9s de crear el bloque de la Galer\u00eda, puede cargar nuevas im\u00e1genes, seleccionar varias a la vez o usar la Biblioteca multimedia.<\/p>\n\n\n<div class=\"wp-block-image\">\n<figure class=\"aligncenter\"><a href=\"https:\/\/www.ait-themes.club\/wp-content\/uploads\/2019\/07\/gutenberg-gallery-upload.png\"><img loading=\"lazy\" decoding=\"async\" width=\"1280\" height=\"800\" src=\"https:\/\/www.ait-themes.club\/wp-content\/uploads\/2019\/07\/gutenberg-gallery-upload.png\" alt=\"Pantalla de opciones de carga de im\u00e1genes\" class=\"wp-image-81114\" srcset=\"https:\/\/www.ait-themes.club\/wp-content\/uploads\/2019\/07\/gutenberg-gallery-upload.png 1280w, https:\/\/www.ait-themes.club\/wp-content\/uploads\/2019\/07\/gutenberg-gallery-upload-300x188.png 300w, https:\/\/www.ait-themes.club\/wp-content\/uploads\/2019\/07\/gutenberg-gallery-upload-1024x640.png 1024w, https:\/\/www.ait-themes.club\/wp-content\/uploads\/2019\/07\/gutenberg-gallery-upload-768x480.png 768w\" sizes=\"auto, (max-width: 1280px) 100vw, 1280px\" \/><\/a><figcaption>Todas las opciones disponibles para cargar im\u00e1genes<\/figcaption><\/figure>\n<\/div>\n\n\n<p>Media Library funciona igual que en versiones anteriores de WordPress. Puede encontrar all\u00ed im\u00e1genes que ya ha subido en el pasado.<\/p>\n\n\n\n<p>3. Est\u00e1 hecho. Tu nueva galer\u00eda est\u00e1 lista.<\/p>\n\n\n<div class=\"wp-block-image\">\n<figure class=\"aligncenter\"><a href=\"https:\/\/www.ait-themes.club\/wp-content\/uploads\/2019\/07\/guttenberg-gallery-frontend.png\"><img loading=\"lazy\" decoding=\"async\" width=\"1280\" height=\"1336\" src=\"https:\/\/www.ait-themes.club\/wp-content\/uploads\/2019\/07\/guttenberg-gallery-frontend.png\" alt=\"Galer\u00eda de WordPress completada en la interfaz\" class=\"wp-image-81110\" srcset=\"https:\/\/www.ait-themes.club\/wp-content\/uploads\/2019\/07\/guttenberg-gallery-frontend.png 1280w, https:\/\/www.ait-themes.club\/wp-content\/uploads\/2019\/07\/guttenberg-gallery-frontend-287x300.png 287w, https:\/\/www.ait-themes.club\/wp-content\/uploads\/2019\/07\/guttenberg-gallery-frontend-981x1024.png 981w, https:\/\/www.ait-themes.club\/wp-content\/uploads\/2019\/07\/guttenberg-gallery-frontend-768x802.png 768w\" sizes=\"auto, (max-width: 1280px) 100vw, 1280px\" \/><\/a><figcaption>Escaparate de la galer\u00eda creada<\/figcaption><\/figure>\n<\/div>\n\n\n<p class=\"has-text-align-center\">Puede explorar nuestro nuevo tema Citadela que le permite trabajar con galer\u00edas de esta manera.<\/p>\n\n\n\n<h3 class=\"wp-block-heading\"><span class=\"ez-toc-section\" id=\"Edit_your_gallery\"><\/span><a id=\"howtoedityourgallery\"><\/a>Edita tu galer\u00eda<span class=\"ez-toc-section-end\"><\/span><\/h3>\n\n\n\n<p>WordPress 5.0 y versiones posteriores mejoraron no solo la adici\u00f3n sino tambi\u00e9n la edici\u00f3n de galer\u00edas. El nuevo editor de WordPress se ve completamente diferente en comparaci\u00f3n con el antiguo editor. Si desea editar un bloque de la galer\u00eda, selecci\u00f3nelo con el mouse. Obtendr\u00e1 la barra de herramientas superior y el men\u00fa lateral para la configuraci\u00f3n de la galer\u00eda.<\/p>\n\n\n\n<p>Parte de la configuraci\u00f3n se puede encontrar en la barra de herramientas del bloque Galer\u00eda y otras configuraciones en el lado derecho de la barra lateral. Al principio puede sonar un poco complicado, pero despu\u00e9s de poco tiempo jugando con el nuevo editor de WordPress, encontrar\u00e1s todas las posibilidades. Puede insertar el bloque de la Galer\u00eda y luego editarlo f\u00e1cilmente. Las ventajas se encuentran principalmente en varios entornos y en la administraci\u00f3n simplificada de las im\u00e1genes de la galer\u00eda.<\/p>\n\n\n\n<h4 class=\"wp-block-heading\"><span class=\"ez-toc-section\" id=\"Images_arrangement_inside_WordPress_image_gallery_from_WP_50\"><\/span>Arreglo de im\u00e1genes dentro de la galer\u00eda de im\u00e1genes de WordPress (desde WP 5.0)<span class=\"ez-toc-section-end\"><\/span><\/h4>\n\n\n\n<p>El primer cambio que trajo WordPress 5 fue la adici\u00f3n, eliminaci\u00f3n y reordenaci\u00f3n m\u00e1s fluidas de im\u00e1genes a trav\u00e9s del bloque de la Galer\u00eda de WordPress. Despu\u00e9s de hacer clic en el \u00edcono Editar galer\u00eda, se mostr\u00f3 la ventana emergente y luego us\u00f3 arrastrar y soltar para reordenar las im\u00e1genes.<\/p>\n\n\n<div class=\"wp-block-image\">\n<figure class=\"aligncenter\"><a href=\"https:\/\/www.ait-themes.club\/wp-content\/uploads\/2019\/07\/gutenberg-gallery.gif\"><img loading=\"lazy\" decoding=\"async\" width=\"720\" height=\"520\" src=\"https:\/\/www.ait-themes.club\/wp-content\/uploads\/2019\/07\/gutenberg-gallery.gif\" alt=\"Reordenar im\u00e1genes en la galer\u00eda\" class=\"wp-image-81105\"\/><\/a><figcaption>F\u00e1cil reordenaci\u00f3n de im\u00e1genes en la galer\u00eda a trav\u00e9s de arrastrar y soltar en WP 5<\/figcaption><\/figure>\n<\/div>\n\n\n<h4 class=\"wp-block-heading\"><span class=\"ez-toc-section\" id=\"Missing_pop-up_window_in_WordPress_53\"><\/span>Falta ventana emergente en WordPress 5.3<span class=\"ez-toc-section-end\"><\/span><\/h4>\n\n\n\n<p>Si tienes tu WordPress actualizado a la 5.3, la forma de reordenar las im\u00e1genes es diferente. Ahora falta el icono Editar galer\u00eda, as\u00ed como una ventana modal para editar. Si desea reordenar las fotos, puede hacerlo directamente desde el \u00e1rea de contenido (en el bloque Galer\u00eda de WordPress).<\/p>\n\n\n\n<h3 class=\"wp-block-heading\"><span class=\"ez-toc-section\" id=\"A_new_feature_in_WordPress_photo_gallery_Inline_reordering_of_images\"><\/span>Una nueva funci\u00f3n en la galer\u00eda de fotos de WordPress: reordenaci\u00f3n en l\u00ednea de im\u00e1genes<span class=\"ez-toc-section-end\"><\/span><\/h3>\n\n\n\n<p>Es beneficioso que pueda organizar las im\u00e1genes directamente desde el bloque de Galer\u00eda insertado. Sin ir a una ventana modal nunca m\u00e1s. Desde WordPress 5.3, debe seleccionar una imagen que le gustar\u00eda mover. Luego aparecen flechas en su esquina izquierda. Presione clic en la flecha hacia adelante o hacia atr\u00e1s y la imagen se mueve.<\/p>\n\n\n\n<p>Para reordenar la galer\u00eda, no puede tomar la primera imagen y pasar al final de la galer\u00eda. Tienes que hacer clic en la flecha y pasar de una en una posici\u00f3n.<\/p>\n\n\n\n<p>Para eliminar cualquier imagen, debe hacerlo tambi\u00e9n una por una. Elija uno y navegue hasta la esquina superior derecha. Presione el bot\u00f3n &quot;x&quot; para borrar la imagen de la galer\u00eda; permanece en el almacenamiento de su biblioteca multimedia.<\/p>\n\n\n\n<figure class=\"wp-block-image alignnone size-full wp-image-84415\"><img loading=\"lazy\" decoding=\"async\" width=\"1514\" height=\"760\" src=\"https:\/\/www.ait-themes.club\/wp-content\/uploads\/2019\/01\/wordpress-image-gallery.png\" alt=\"galer\u00eda de im\u00e1genes wordpress\" class=\"wp-image-84415\" srcset=\"https:\/\/www.ait-themes.club\/wp-content\/uploads\/2019\/01\/wordpress-image-gallery.png 1514w, https:\/\/www.ait-themes.club\/wp-content\/uploads\/2019\/01\/wordpress-image-gallery-300x151.png 300w, https:\/\/www.ait-themes.club\/wp-content\/uploads\/2019\/01\/wordpress-image-gallery-1024x514.png 1024w, https:\/\/www.ait-themes.club\/wp-content\/uploads\/2019\/01\/wordpress-image-gallery-768x386.png 768w\" sizes=\"auto, (max-width: 1514px) 100vw, 1514px\" \/><figcaption>Reordenaci\u00f3n de im\u00e1genes en la galer\u00eda de im\u00e1genes de WordPress<\/figcaption><\/figure>\n\n\n\n<p>\u00bfY qu\u00e9 hay del reordenamiento de arrastrar y soltar disponible en WP 5.0?<\/p>\n\n\n\n<p>Esta caracter\u00edstica no es compatible con la versi\u00f3n actual. En su lugar, debe usar las flechas (pero tambi\u00e9n es una forma conveniente de editar la galer\u00eda de im\u00e1genes de WordPress). Sin embargo, seg\u00fan nuestra informaci\u00f3n, los desarrolladores de WordPress est\u00e1n considerando admitir arrastrar y soltar en un futuro pr\u00f3ximo.<\/p>\n\n\n\n<h3 class=\"wp-block-heading\"><span class=\"ez-toc-section\" id=\"Right_sidebar_Settings_Images\"><\/span>Barra lateral derecha Ajustes Im\u00e1genes<span class=\"ez-toc-section-end\"><\/span><\/h3>\n\n\n\n<p>Elija el n\u00famero de columnas para su galer\u00eda. La imagen se puede vincular a un archivo multimedia que dar\u00e1 como resultado la apertura de la imagen en una caja de luz. Si tiene im\u00e1genes en diferentes dimensiones, puede usar la funci\u00f3n Recortar im\u00e1genes para que se vean iguales. Las dimensiones para la funci\u00f3n Recortar im\u00e1genes se toman de las im\u00e1genes m\u00e1s peque\u00f1as.<\/p>\n\n\n<div class=\"wp-block-image\">\n<figure class=\"aligncenter\"><a href=\"https:\/\/www.ait-themes.club\/wp-content\/uploads\/2019\/07\/gutenberg-gallery-columns.gif\"><img loading=\"lazy\" decoding=\"async\" width=\"720\" height=\"520\" src=\"https:\/\/www.ait-themes.club\/wp-content\/uploads\/2019\/07\/gutenberg-gallery-columns.gif\" alt=\"Cambiar el n\u00famero de columnas en la configuraci\u00f3n de la galer\u00eda\" class=\"wp-image-81107\"\/><\/a><figcaption>Cambiar el n\u00famero de columnas usando el control deslizante<\/figcaption><\/figure>\n<\/div>\n\n\n<p>La administraci\u00f3n de im\u00e1genes en los bloques de la Galer\u00eda es m\u00e1s f\u00e1cil y r\u00e1pida que en las versiones anteriores de WordPress. El bloque de la galer\u00eda tambi\u00e9n se puede ordenar, lo que significa que puede arrastrarlo y soltarlo en cualquier parte del contenido entre otros bloques.<\/p>\n\n\n\n<h3 class=\"wp-block-heading\"><span class=\"ez-toc-section\" id=\"Position_and_alignment_of_image_gallery\"><\/span><a id=\"positionandalignmentofgallery\"><\/a>Posici\u00f3n y alineaci\u00f3n de la galer\u00eda de im\u00e1genes.<span class=\"ez-toc-section-end\"><\/span><\/h3>\n\n\n\n<p>Las im\u00e1genes y la galer\u00eda se pueden alinear. En la parte superior del bloque Galer\u00eda, hay una barra de herramientas con varias opciones. Puede cambiar all\u00ed, por ejemplo, la alineaci\u00f3n de la galer\u00eda o hacer que la galer\u00eda sea visible en todo el ancho del contenido. Juega con la configuraci\u00f3n. Agregue m\u00e1s texto o im\u00e1genes para que su sitio web se vea mejor.<\/p>\n\n\n<div class=\"wp-block-image\">\n<figure class=\"aligncenter\"><a href=\"https:\/\/www.ait-themes.club\/wp-content\/uploads\/2019\/07\/gutenberg-gallery-align.gif\"><img loading=\"lazy\" decoding=\"async\" width=\"720\" height=\"520\" src=\"https:\/\/www.ait-themes.club\/wp-content\/uploads\/2019\/07\/gutenberg-gallery-align.gif\" alt=\"Alineaci\u00f3n de la galer\u00eda.\" class=\"wp-image-81106\"\/><\/a><figcaption>Cambio de posici\u00f3n y alineaci\u00f3n de la galer\u00eda.<\/figcaption><\/figure>\n<\/div>\n\n\n<h3 class=\"wp-block-heading\"><span class=\"ez-toc-section\" id=\"New_Auto-save_feature_added\"><\/span>Nueva funci\u00f3n de guardado autom\u00e1tico agregada<span class=\"ez-toc-section-end\"><\/span><\/h3>\n\n\n\n<p>Esta es una caracter\u00edstica muy \u00fatil que apareci\u00f3 en las publicaciones y p\u00e1ginas de WordPress despu\u00e9s de actualizar la plataforma a la versi\u00f3n actual 5.3. Anteriormente, ten\u00eda que guardar manualmente sus datos agregados en un borrador o contenido publicado, ahora el sistema lo har\u00e1 por s\u00ed mismo. La funci\u00f3n de guardado autom\u00e1tico garantiza que no perder\u00e1 ning\u00fan cambio si falla su conexi\u00f3n a Internet.<\/p>\n\n\n\n<h3 class=\"wp-block-heading\"><span class=\"ez-toc-section\" id=\"How_to_add_a_caption_in_the_WordPress_image_gallery\"><\/span>C\u00f3mo agregar un t\u00edtulo en la galer\u00eda de im\u00e1genes de WordPress<span class=\"ez-toc-section-end\"><\/span><\/h3>\n\n\n\n<p>Agregar subt\u00edtulos para las im\u00e1genes de la galer\u00eda nunca fue m\u00e1s sencillo. Si recuerda en versiones anteriores de WordPress, ten\u00eda que editar cada t\u00edtulo por separado en la configuraci\u00f3n de edici\u00f3n de imagen. Ahora puede agregar leyendas de im\u00e1genes directamente dentro de las im\u00e1genes. Simplemente haga clic en la parte inferior de la imagen y escriba un pie de foto. Eso es todo.<\/p>\n\n\n<div class=\"wp-block-image\">\n<figure class=\"aligncenter\"><a href=\"https:\/\/www.ait-themes.club\/wp-content\/uploads\/2019\/07\/gutenberg-gallery-caption.png\"><img loading=\"lazy\" decoding=\"async\" width=\"1280\" height=\"800\" src=\"https:\/\/www.ait-themes.club\/wp-content\/uploads\/2019\/07\/gutenberg-gallery-caption.png\" alt=\"Leyendas para las im\u00e1genes en la galer\u00eda\" class=\"wp-image-81112\" srcset=\"https:\/\/www.ait-themes.club\/wp-content\/uploads\/2019\/07\/gutenberg-gallery-caption.png 1280w, https:\/\/www.ait-themes.club\/wp-content\/uploads\/2019\/07\/gutenberg-gallery-caption-300x188.png 300w, https:\/\/www.ait-themes.club\/wp-content\/uploads\/2019\/07\/gutenberg-gallery-caption-1024x640.png 1024w, https:\/\/www.ait-themes.club\/wp-content\/uploads\/2019\/07\/gutenberg-gallery-caption-768x480.png 768w\" sizes=\"auto, (max-width: 1280px) 100vw, 1280px\" \/><\/a><figcaption>Rellene subt\u00edtulos directamente en sus im\u00e1genes<\/figcaption><\/figure>\n<\/div>\n\n\n<p>Adem\u00e1s, la \u00faltima actualizaci\u00f3n trajo una opci\u00f3n adicional para los subt\u00edtulos. Ahora est\u00e1 disponible para ingresar un t\u00edtulo no solo para im\u00e1genes espec\u00edficas sino tambi\u00e9n para todo el bloque de la Galer\u00eda. Puede encontrar esta opci\u00f3n debajo de las im\u00e1genes insertadas dentro del bloque. Hay un marcador de posici\u00f3n &quot;<em>Escribe el t\u00edtulo de la galer\u00eda\u2026\u201d <\/em>en el fondo.<\/p>\n\n\n\n<h3 class=\"wp-block-heading\"><span class=\"ez-toc-section\" id=\"Extra_tip_How_to_add_a_gallery_into_columns\"><\/span><a id=\"extratipaddgallery\"><\/a>Consejo adicional: c\u00f3mo agregar una galer\u00eda en columnas<span class=\"ez-toc-section-end\"><\/span><\/h3>\n\n\n\n<p>Como ya mencionamos anteriormente, puede agregar la galer\u00eda de im\u00e1genes de WordPress en publicaciones y p\u00e1ginas. Puede crear un bloque de Galer\u00eda independiente. Tambi\u00e9n puede agregarlo al bloque Columnas junto con otros bloques de WordPress.<\/p>\n\n\n\n<p>Tenga cuidado al jugar con n\u00fameros de columnas. Al degradar su conteo, se eliminar\u00e1 la galer\u00eda creada.<\/p>\n\n\n\n<p><strong>Consejo final:<\/strong> cambie la galer\u00eda de fotos a im\u00e1genes simplemente. Navegue al men\u00fa de la barra de herramientas superior y haga clic en el primer icono. Las im\u00e1genes de la galer\u00eda se dividir\u00e1n en una imagen debajo de otra.<\/p>\n\n\n\n<p class=\"has-text-align-left\">\u00bfEres un fot\u00f3grafo? Eche un vistazo a nuestra colecci\u00f3n de los mejores <a href=\"https:\/\/www.ait-themes.club\/es\/wordpress-fotografia-temas\/\">Temas de WordPress para fot\u00f3grafos<\/a>. Estos temas incluyen todo para que pueda comenzar con la galer\u00eda de su sitio web de WordPress.<\/p>\n<div id=\"ez-toc-container\" class=\"ez-toc-v2_0_80 counter-hierarchy ez-toc-counter ez-toc-custom ez-toc-container-direction\">\n<div class=\"ez-toc-title-container\">\n<p class=\"ez-toc-title\" style=\"cursor:inherit\">\u00cdndice<\/p>\n<span class=\"ez-toc-title-toggle\"><\/span><\/div>\n<nav><ul class='ez-toc-list ez-toc-list-level-1' ><li class='ez-toc-page-1 ez-toc-heading-level-3'><a class=\"ez-toc-link ez-toc-heading-1\" href=\"https:\/\/www.ait-themes.club\/es\/crear-wordpress-gallery-in-block-editor-blog\/#Add_WordPress_image_gallery_via_Gallery_block\" >Agregue la galer\u00eda de im\u00e1genes de WordPress a trav\u00e9s del bloque Galer\u00eda<\/a><\/li><li class='ez-toc-page-1 ez-toc-heading-level-3'><a class=\"ez-toc-link ez-toc-heading-2\" href=\"https:\/\/www.ait-themes.club\/es\/crear-wordpress-gallery-in-block-editor-blog\/#How_to_add_images\" >C\u00f3mo agregar im\u00e1genes<\/a><\/li><li class='ez-toc-page-1 ez-toc-heading-level-3'><a class=\"ez-toc-link ez-toc-heading-3\" href=\"https:\/\/www.ait-themes.club\/es\/crear-wordpress-gallery-in-block-editor-blog\/#Edit_your_gallery\" >Edita tu galer\u00eda<\/a><ul class='ez-toc-list-level-4' ><li class='ez-toc-heading-level-4'><a class=\"ez-toc-link ez-toc-heading-4\" href=\"https:\/\/www.ait-themes.club\/es\/crear-wordpress-gallery-in-block-editor-blog\/#Images_arrangement_inside_WordPress_image_gallery_from_WP_50\" >Arreglo de im\u00e1genes dentro de la galer\u00eda de im\u00e1genes de WordPress (desde WP 5.0)<\/a><\/li><li class='ez-toc-page-1 ez-toc-heading-level-4'><a class=\"ez-toc-link ez-toc-heading-5\" href=\"https:\/\/www.ait-themes.club\/es\/crear-wordpress-gallery-in-block-editor-blog\/#Missing_pop-up_window_in_WordPress_53\" >Falta ventana emergente en WordPress 5.3<\/a><\/li><\/ul><\/li><li class='ez-toc-page-1 ez-toc-heading-level-3'><a class=\"ez-toc-link ez-toc-heading-6\" href=\"https:\/\/www.ait-themes.club\/es\/crear-wordpress-gallery-in-block-editor-blog\/#A_new_feature_in_WordPress_photo_gallery_Inline_reordering_of_images\" >Una nueva funci\u00f3n en la galer\u00eda de fotos de WordPress: reordenaci\u00f3n en l\u00ednea de im\u00e1genes<\/a><\/li><li class='ez-toc-page-1 ez-toc-heading-level-3'><a class=\"ez-toc-link ez-toc-heading-7\" href=\"https:\/\/www.ait-themes.club\/es\/crear-wordpress-gallery-in-block-editor-blog\/#Right_sidebar_Settings_Images\" >Barra lateral derecha Ajustes Im\u00e1genes<\/a><\/li><li class='ez-toc-page-1 ez-toc-heading-level-3'><a class=\"ez-toc-link ez-toc-heading-8\" href=\"https:\/\/www.ait-themes.club\/es\/crear-wordpress-gallery-in-block-editor-blog\/#Position_and_alignment_of_image_gallery\" >Posici\u00f3n y alineaci\u00f3n de la galer\u00eda de im\u00e1genes.<\/a><\/li><li class='ez-toc-page-1 ez-toc-heading-level-3'><a class=\"ez-toc-link ez-toc-heading-9\" href=\"https:\/\/www.ait-themes.club\/es\/crear-wordpress-gallery-in-block-editor-blog\/#New_Auto-save_feature_added\" >Nueva funci\u00f3n de guardado autom\u00e1tico agregada<\/a><\/li><li class='ez-toc-page-1 ez-toc-heading-level-3'><a class=\"ez-toc-link ez-toc-heading-10\" href=\"https:\/\/www.ait-themes.club\/es\/crear-wordpress-gallery-in-block-editor-blog\/#How_to_add_a_caption_in_the_WordPress_image_gallery\" >C\u00f3mo agregar un t\u00edtulo en la galer\u00eda de im\u00e1genes de WordPress<\/a><\/li><li class='ez-toc-page-1 ez-toc-heading-level-3'><a class=\"ez-toc-link ez-toc-heading-11\" href=\"https:\/\/www.ait-themes.club\/es\/crear-wordpress-gallery-in-block-editor-blog\/#Extra_tip_How_to_add_a_gallery_into_columns\" >Consejo adicional: c\u00f3mo agregar una galer\u00eda en columnas<\/a><\/li><\/ul><\/nav><\/div>","protected":false},"excerpt":{"rendered":"<p>Seguro que has notado que el editor de WordPress se ve completamente diferente. La construcci\u00f3n de un sitio web ha cambiado dr\u00e1sticamente desde WordPress 5. La construcci\u00f3n de la galer\u00eda de im\u00e1genes en WordPress tambi\u00e9n cambi\u00f3. Ahora hay otras buenas noticias: se agregaron nuevas funciones al editor despu\u00e9s de actualizar el sistema a WP 5.3. Por ejemplo, puede notar importantes [\u2026]<\/p>","protected":false},"author":1,"featured_media":81143,"comment_status":"closed","ping_status":"closed","sticky":false,"template":"","format":"standard","meta":{"_eb_attr":"","_citadela_custom_class":"","footnotes":""},"categories":[4,50],"tags":[15],"citadela-post-location":[],"class_list":["post-81096","post","type-post","status-publish","format-standard","has-post-thumbnail","hentry","category-building-websites-in-wordpress","category-citadela-pro-documentation","tag-gutenberg-wordpress-editor"],"_links":{"self":[{"href":"https:\/\/www.ait-themes.club\/es\/wp-json\/wp\/v2\/posts\/81096","targetHints":{"allow":["GET"]}}],"collection":[{"href":"https:\/\/www.ait-themes.club\/es\/wp-json\/wp\/v2\/posts"}],"about":[{"href":"https:\/\/www.ait-themes.club\/es\/wp-json\/wp\/v2\/types\/post"}],"author":[{"embeddable":true,"href":"https:\/\/www.ait-themes.club\/es\/wp-json\/wp\/v2\/users\/1"}],"replies":[{"embeddable":true,"href":"https:\/\/www.ait-themes.club\/es\/wp-json\/wp\/v2\/comments?post=81096"}],"version-history":[{"count":2,"href":"https:\/\/www.ait-themes.club\/es\/wp-json\/wp\/v2\/posts\/81096\/revisions"}],"predecessor-version":[{"id":94318,"href":"https:\/\/www.ait-themes.club\/es\/wp-json\/wp\/v2\/posts\/81096\/revisions\/94318"}],"wp:featuredmedia":[{"embeddable":true,"href":"https:\/\/www.ait-themes.club\/es\/wp-json\/wp\/v2\/media\/81143"}],"wp:attachment":[{"href":"https:\/\/www.ait-themes.club\/es\/wp-json\/wp\/v2\/media?parent=81096"}],"wp:term":[{"taxonomy":"category","embeddable":true,"href":"https:\/\/www.ait-themes.club\/es\/wp-json\/wp\/v2\/categories?post=81096"},{"taxonomy":"post_tag","embeddable":true,"href":"https:\/\/www.ait-themes.club\/es\/wp-json\/wp\/v2\/tags?post=81096"},{"taxonomy":"citadela-post-location","embeddable":true,"href":"https:\/\/www.ait-themes.club\/es\/wp-json\/wp\/v2\/citadela-post-location?post=81096"}],"curies":[{"name":"wp","href":"https:\/\/api.w.org\/{rel}","templated":true}]}}